[{"@context":"https:\/\/schema.org\/","@type":"Article","@id":"https:\/\/www.alstako.cz\/v-predsini-nemusime-uz-zakopavat\/#Article","mainEntityOfPage":"https:\/\/www.alstako.cz\/v-predsini-nemusime-uz-zakopavat\/","headline":"V p\u0159eds\u00edni nemus\u00edme u\u017e zakop\u00e1vat","name":"V p\u0159eds\u00edni nemus\u00edme u\u017e zakop\u00e1vat","description":"V podstat\u011b pat\u0159\u00ed mezi nejmen\u0161\u00ed m\u00edstnost v byt\u011b. M\u00e1 slou\u017eit p\u0159edev\u0161\u00edm jako takov\u00fd jak\u00fdsi uv\u00edtac\u00ed prostor do bytu, proto by se rozhodn\u011b nem\u011bl zanedb\u00e1vat. Kdy\u017e se nad t\u00edm toti\u017e po\u0159\u00e1dn\u011b zamysl\u00edme, tak nakonec od n\u00ed po\u017eadujeme snad \u00fapln\u011b nejv\u00edce, a\u010dkoliv zde je [&hellip;]","datePublished":"2018-12-13","dateModified":"2024-01-03","author":{"@type":"Person","@id":"https:\/\/www.alstako.cz\/author\/#Person","name":"","url":"https:\/\/www.alstako.cz\/author\/","identifier":1,"image":{"@type":"ImageObject","@id":"https:\/\/secure.gravatar.com\/avatar\/4c8347e48acde4b8838164e4b1c9b1c2409c44aff1922a8b9d7dd631b9ae52bb?s=96&d=mm&r=g","url":"https:\/\/secure.gravatar.com\/avatar\/4c8347e48acde4b8838164e4b1c9b1c2409c44aff1922a8b9d7dd631b9ae52bb?s=96&d=mm&r=g","height":96,"width":96}},"publisher":{"@type":"Organization","name":"alstako.cz","logo":{"@type":"ImageObject","@id":"\/logo.png","url":"\/logo.png","width":600,"height":60}},"image":{"@type":"ImageObject","@id":"https:\/\/www.alstako.cz\/wp-content\/uploads\/img_a333944_w2112_t1547542246.jpg","url":"https:\/\/www.alstako.cz\/wp-content\/uploads\/img_a333944_w2112_t1547542246.jpg","height":0,"width":0},"url":"https:\/\/www.alstako.cz\/v-predsini-nemusime-uz-zakopavat\/","about":["Zbo\u017e\u00ed"],"wordCount":448,"articleBody":"      V podstat\u011b pat\u0159\u00ed mezi nejmen\u0161\u00ed m\u00edstnost v byt\u011b. M\u00e1 slou\u017eit p\u0159edev\u0161\u00edm jako takov\u00fd jak\u00fdsi uv\u00edtac\u00ed prostor do bytu, proto by se rozhodn\u011b nem\u011bl zanedb\u00e1vat. Kdy\u017e se nad t\u00edm toti\u017e po\u0159\u00e1dn\u011b zamysl\u00edme, tak nakonec od n\u00ed po\u017eadujeme snad \u00fapln\u011b nejv\u00edce, a\u010dkoliv zde je skute\u010dn\u011b velmi m\u00e1lo m\u00edsta. Chceme tu m\u00edt v\u0161e po ruce, kdy\u017e vstupujeme dom\u016f nebo kdy\u017e z n\u011bho odch\u00e1z\u00edme. Jak ale v\u0161echno dob\u0159e skloubit, aby to bylo podle na\u0161ich p\u0159edstav a v\u0161e dob\u0159e uspo\u0159\u00e1dan\u00e9? Nejlep\u0161\u00ed je se zamyslet, co v\u0161echno zde pot\u0159ebujeme m\u00edt a tady za\u010d\u00edt. Mnohdy mus\u00edme slevit z na\u0161ich n\u00e1rok\u016f a hled\u011bt sp\u00ed\u0161 na estetickou str\u00e1nku, abychom o nic nezakop\u00e1vali a je\u0161t\u011b naopak vytvo\u0159ili p\u0159\u00edv\u011btivou z\u00f3nu ihned po vstupu do domovn\u00edch dve\u0159\u00ed. Vyu\u017e\u00edt lze pak r\u016fzn\u00fdch z\u00e1v\u011bsn\u00fdch syst\u00e9m\u016f, zanech\u00e1vat zde pouze sez\u00f3nn\u00ed oble\u010den\u00ed a obuv. V\u00edce sv\u011btla Pravdou je, \u017ee osv\u011btlen\u00ed ud\u011bl\u00e1 dal\u0161\u00ed div sv\u011bta. P\u0159eds\u00ed\u0148 je toti\u017e jedin\u00e1 m\u00edstnost, kde nen\u00ed okno a v\u011bt\u0161inou je nainstalovan\u00e9 pouze jedno sv\u00edtidlo na celou chodbi\u010dku. V dne\u0161n\u00ed dob\u011b, kdy se vyr\u00e1b\u00ed p\u0159edev\u0161\u00edm \u00fasporn\u00e9 zdroje, se nemus\u00edme zdr\u00e1hat m\u00edstnost podpo\u0159it dal\u0161\u00edmi sv\u011bteln\u00fdmi zdroji. Velmi vhodn\u00e9 a i dekorativn\u011b slu\u0161iv\u00e9 jsou sv\u011bteln\u00e9 LED panely, kter\u00e9 rozhodn\u011b nezaberou mnoho m\u00edsta, ale podpo\u0159\u00ed osv\u00edcen\u00fd prostor. Daj\u00ed se nainstalovat na bo\u010dn\u00ed st\u011bnu, co\u017e je velk\u00e1 v\u00fdhoda. Pokud je mo\u017enost p\u0159idat LED li\u0161ty, tak to je mo\u017enost dal\u0161\u00edho tipu sv\u011bteln\u00e9ho zdroje, kter\u00fd nezabere velkou plochu. Malba sv\u011btlo podpo\u0159\u00ed Mnohdy si mysl\u00edme, \u017ee b\u00edl\u00e1 barva prosv\u011btl\u00ed m\u00edstnost, ale to nen\u00ed zase a\u017e tak \u00fapln\u011b pravda. Kdybychom se jen na chv\u00edli zastavili p\u0159ed volbou jin\u00e9 barvy malby, mo\u017en\u00e1 bychom byli mile p\u0159ekvapeni. Kdy\u017e si po\u0159\u00edd\u00edme nap\u0159\u00edklad okrov\u00fd nebo jemn\u011b staror\u016f\u017eov\u00fd odst\u00edn, tak n\u00e1m prostor ihned z\u00fatuln\u00ed. Nakonec to nemus\u00ed b\u00fdt ani n\u00e1t\u011br, ale sta\u010d\u00ed tapety. Jen by m\u011bly b\u00fdt hladk\u00e9 a jednobarevn\u00e9, jeliko\u017e vystupuj\u00edc\u00ed vzory by mohly p\u016fsobit tak, \u017ee je m\u00edstnost p\u0159\u00edli\u0161 neuspo\u0159\u00e1dan\u00e1, co\u017e by n\u00e1m moc v prom\u011bn\u011b nepomohlo. Stejn\u011b tak by m\u011bla b\u00fdt i volba vybaven\u00ed. Ono toti\u017e v jednoduchosti je jak\u00e9si tajemstv\u00ed \u00fatulnosti a p\u0159\u00edv\u011btivosti.                                                                                                                                                                                                                                                                                                                                                                                          4\/5 - (5 votes)        "},{"@context":"https:\/\/schema.org\/","@type":"BreadcrumbList","itemListElement":[{"@type":"ListItem","position":1,"name":"V p\u0159eds\u00edni nemus\u00edme u\u017e zakop\u00e1vat","item":"https:\/\/www.alstako.cz\/v-predsini-nemusime-uz-zakopavat\/#breadcrumbitem"}]}]