[{"@context":"https:\/\/schema.org\/","@type":"Article","@id":"https:\/\/www.alstako.cz\/v-mobilnim-dome-vam-nebude-nic-chybet\/#Article","mainEntityOfPage":"https:\/\/www.alstako.cz\/v-mobilnim-dome-vam-nebude-nic-chybet\/","headline":"V mobiln\u00edm dom\u011b v\u00e1m nebude nic chyb\u011bt","name":"V mobiln\u00edm dom\u011b v\u00e1m nebude nic chyb\u011bt","description":"Ti, kte\u0159\u00ed nev\u011b\u0159\u00ed tomu, \u017ee by se v mobiln\u00edm dom\u011b mohli c\u00edtit skute\u010dn\u011b doma a tomu, \u017ee jim tam opravdu nebude nic d\u016fle\u017eit\u00e9ho chyb\u011bt, ud\u011blaj\u00ed nejl\u00e9pe, kdy\u017e se na mobiln\u00ed d\u016fm zajdou osobn\u011b pod\u00edvat a p\u0159esv\u011bd\u010d\u00ed se o tom na vlastn\u00ed o\u010di [&hellip;]","datePublished":"2018-02-17","dateModified":"2023-05-02","author":{"@type":"Person","@id":"https:\/\/www.alstako.cz\/author\/#Person","name":"","url":"https:\/\/www.alstako.cz\/author\/","identifier":1,"image":{"@type":"ImageObject","@id":"https:\/\/secure.gravatar.com\/avatar\/4c8347e48acde4b8838164e4b1c9b1c2409c44aff1922a8b9d7dd631b9ae52bb?s=96&d=mm&r=g","url":"https:\/\/secure.gravatar.com\/avatar\/4c8347e48acde4b8838164e4b1c9b1c2409c44aff1922a8b9d7dd631b9ae52bb?s=96&d=mm&r=g","height":96,"width":96}},"publisher":{"@type":"Organization","name":"alstako.cz","logo":{"@type":"ImageObject","@id":"\/logo.png","url":"\/logo.png","width":600,"height":60}},"image":{"@type":"ImageObject","@id":"https:\/\/www.alstako.cz\/wp-content\/uploads\/img_a311830_w1966_t1522922729.jpg","url":"https:\/\/www.alstako.cz\/wp-content\/uploads\/img_a311830_w1966_t1522922729.jpg","height":0,"width":0},"url":"https:\/\/www.alstako.cz\/v-mobilnim-dome-vam-nebude-nic-chybet\/","about":["Domov"],"wordCount":421,"articleBody":"       Ti, kte\u0159\u00ed nev\u011b\u0159\u00ed tomu, \u017ee by se v mobiln\u00edm dom\u011b mohli c\u00edtit skute\u010dn\u011b doma a tomu, \u017ee jim tam opravdu nebude nic d\u016fle\u017eit\u00e9ho chyb\u011bt, ud\u011blaj\u00ed nejl\u00e9pe, kdy\u017e se na mobiln\u00ed d\u016fm zajdou osobn\u011b pod\u00edvat a p\u0159esv\u011bd\u010d\u00ed se o tom na vlastn\u00ed o\u010di v centru vzorov\u00fdch mobiln\u00edch dom\u016f. Tam ka\u017ed\u00fd n\u00e1v\u0161t\u011bvn\u00edk na vlastn\u00ed k\u016f\u017ei poc\u00edt\u00ed, \u017ee mezi mobiln\u00edm domem a bytem nen\u00ed t\u00e9m\u011b\u0159 \u017e\u00e1dn\u00fd rozd\u00edl. Tedy alespo\u0148 v p\u0159\u00edpad\u011b, kdy mluv\u00edme o jeho vybaven\u00ed. Ov\u0161em pokud jde o va\u0161e nov\u011b nabyt\u00e9 soukrom\u00ed, tak to se ned\u00e1 srovnat.Co se vybaven\u00ed t\u00fd\u010de, tak v mobiln\u00edm dom\u011b najdete naprosto v\u0161e, co \u010dlov\u011bk ke spokojen\u00e9mu \u017eivotu pot\u0159ebuje. Budete tam m\u00edt pln\u011b vybaven\u00fd kuchy\u0148sk\u00fd kout s modern\u00edmi spot\u0159ebi\u010di, tak\u017ee si budete moci uva\u0159it, cokoli jen budete cht\u00edt. Budete tam m\u00edt samoz\u0159ejm\u011b nejen elekt\u0159inu, ale i tekouc\u00ed vodu, jak v kuchyni, tak ve spr\u0161e, va\u0161e hygiena tedy nebude nijak omezena. Chyb\u011bt v\u00e1m samoz\u0159ejm\u011b nebude ani ob\u00fdvac\u00ed pokoj ani lo\u017enice s postel\u00ed i no\u010dn\u00edm stolkem a tak\u00e9 dal\u0161\u00ed d\u016fle\u017eit\u00e9 vybaven\u00ed. Nicm\u00e9n\u011b to, co ve sv\u00e9m mobiln\u00edm dom\u011b budete m\u00edt m\u016f\u017eete ovlivnit vy sami. Sta\u010d\u00ed si na webov\u00fdch str\u00e1nk\u00e1ch v\u00fdrobce nakonfigurovat p\u0159esn\u011b takov\u00fd d\u016fm s vybaven\u00edm, jak\u00e9 byste si p\u0159\u00e1li. A pokud bude cht\u00edt tento domek ob\u00fdvat nejen sez\u00f3nn\u011b, ale celoro\u010dn\u011b, tak\u00e9 to nen\u00ed nic slo\u017eit\u00e9ho. Dostanete kvalitn\u011b zateplen\u00fd, dob\u0159e izolovan\u00fd p\u0159\u00edbytek, kde se budete c\u00edtit pohodln\u011b a v teple i v t\u011bch nejv\u011bt\u0161\u00edch mrazech. Ka\u017edop\u00e1dn\u011b to nen\u00ed v\u0161echno. Zat\u00edmco vnit\u0159n\u00ed vybaven\u00ed domu m\u016f\u017eete srovn\u00e1vat s vybaven\u00edm klasick\u00e9ho bytu, tak pokud jde o mobiln\u00ed d\u016fm celoro\u010dn\u00ed jako takov\u00fd, tak bydlen\u00ed v tomto dom\u011b se s bytem porovnat ned\u00e1. Bydlet ve vlastn\u00edm dom\u011b, by\u0165 mal\u00e9m, je nesrovnateln\u011b lep\u0161\u00ed ne\u017e \u017e\u00edt v podn\u00e1jmu, t\u00edsnit se na jednom m\u00edst\u011b s lidmi, kter\u00e9 nem\u00e1te r\u00e1di anebo sn\u00e1\u0161et hlu\u010dn\u00e9 sousedy. A nav\u00edc, pokud r\u00e1di tr\u00e1v\u00edte \u010das venku, tak kolem mobiln\u00edho domu budete m\u00edt samoz\u0159ejm\u011b je\u0161t\u011b kus vlastn\u00edho pozemku nav\u00edc.                                                                                                                                                                                                                                                                                                                                                                                          4.7\/5 - (7 votes)        "},{"@context":"https:\/\/schema.org\/","@type":"BreadcrumbList","itemListElement":[{"@type":"ListItem","position":1,"name":"V mobiln\u00edm dom\u011b v\u00e1m nebude nic chyb\u011bt","item":"https:\/\/www.alstako.cz\/v-mobilnim-dome-vam-nebude-nic-chybet\/#breadcrumbitem"}]}]