[{"@context":"https:\/\/schema.org\/","@type":"Article","@id":"https:\/\/www.alstako.cz\/se-skvelou-kamaradkou-az-na-kraj-sveta\/#Article","mainEntityOfPage":"https:\/\/www.alstako.cz\/se-skvelou-kamaradkou-az-na-kraj-sveta\/","headline":"Se skv\u011blou kamar\u00e1dkou a\u017e \u201ena kraj sv\u011bta\u201c \u2026","name":"Se skv\u011blou kamar\u00e1dkou a\u017e \u201ena kraj sv\u011bta\u201c \u2026","description":"Bez va\u0161\u00ed kamar\u00e1dky ned\u00e1te ani r\u00e1nu https:\/\/www.onlinechlap.cz\/bez-nejlepsi-kamaradky-se-nad-problem-nepovznesete\/ Je v\u00e1m v\u017edy pobl\u00ed\u017e, kdy\u017e je v\u00e1m smutno, pod\u00e1 pomocnou ruku, dovede v\u00e1s vyslechnout a v\u011bnuje v\u00e1m sv\u016fj \u010das kdykoliv, kdy je pot\u0159eba. A to sam\u00e9 ona o\u010dek\u00e1v\u00e1 od v\u00e1s. Jestli\u017ee jste nalad\u011bny na stejnou [&hellip;]","datePublished":"2020-02-10","dateModified":"2023-05-02","author":{"@type":"Person","@id":"https:\/\/www.alstako.cz\/author\/#Person","name":"","url":"https:\/\/www.alstako.cz\/author\/","identifier":1,"image":{"@type":"ImageObject","@id":"https:\/\/secure.gravatar.com\/avatar\/4c8347e48acde4b8838164e4b1c9b1c2409c44aff1922a8b9d7dd631b9ae52bb?s=96&d=mm&r=g","url":"https:\/\/secure.gravatar.com\/avatar\/4c8347e48acde4b8838164e4b1c9b1c2409c44aff1922a8b9d7dd631b9ae52bb?s=96&d=mm&r=g","height":96,"width":96}},"publisher":{"@type":"Organization","name":"alstako.cz","logo":{"@type":"ImageObject","@id":"\/logo.png","url":"\/logo.png","width":600,"height":60}},"image":{"@type":"ImageObject","@id":"https:\/\/www.alstako.cz\/wp-content\/uploads\/img_a381599_w3165_t1592565124.jpg","url":"https:\/\/www.alstako.cz\/wp-content\/uploads\/img_a381599_w3165_t1592565124.jpg","height":0,"width":0},"url":"https:\/\/www.alstako.cz\/se-skvelou-kamaradkou-az-na-kraj-sveta\/","about":["Slu\u017eby"],"wordCount":463,"articleBody":"       Bez va\u0161\u00ed kamar\u00e1dky ned\u00e1te ani r\u00e1nu https:\/\/www.onlinechlap.cz\/bez-nejlepsi-kamaradky-se-nad-problem-nepovznesete\/ Je v\u00e1m v\u017edy pobl\u00ed\u017e, kdy\u017e je v\u00e1m smutno, pod\u00e1 pomocnou ruku, dovede v\u00e1s vyslechnout a v\u011bnuje v\u00e1m sv\u016fj \u010das kdykoliv, kdy je pot\u0159eba. A to sam\u00e9 ona o\u010dek\u00e1v\u00e1 od v\u00e1s. Jestli\u017ee jste nalad\u011bny na stejnou vlnu, m\u016f\u017eete va\u0161emu and\u011blu str\u00e1\u017en\u00e9mu jen pod\u011bkovat, \u017ee v\u00e1m dop\u0159\u00e1l tak skv\u011blou k\u00e1mo\u0161ku. Va\u017ete si toho, \u017ee v\u00e1m d\u00e1v\u00e1 zp\u011btnou vazbu. Mo\u017en\u00e1 v\u00e1m to leckdy nen\u00ed p\u0159\u00edjemn\u00e9, kdy\u017e v\u00e1m \u0159ekne do o\u010d\u00ed, co si mysl\u00ed a nemus\u00ed to b\u00fdt zrovna pozitivn\u00ed. Bu\u010fte r\u00e1da, \u017ee nen\u00ed pokryteck\u00e1 a um\u00ed se zcela otev\u0159\u00edt a \u0159\u00edct v\u00e1m, jak to vid\u00ed ona. Kvalitn\u00ed vztah stoj\u00ed na up\u0159\u00edmnosti. Ur\u010dit\u011b m\u00e1te spoustu lid\u00ed kolem sebe, kte\u0159\u00ed se na v\u00e1s usm\u00edvaj\u00ed a ani za nic by v\u00e1m naopak ne\u0159ekli, co si o v\u00e1s mysl\u00ed anebo co byste t\u0159eba mohla d\u011blat l\u00e9pe. Nap\u0159\u00edklad v zam\u011bstn\u00e1n\u00ed. M\u00e1te \u0161t\u011bst\u00ed na v\u00fdte\u010dn\u00e9 kolegyn\u011b? Anebo v\u00e1s nechaj\u00ed tr\u00e1pit se s novotami a neporad\u00ed v\u00e1m tu spr\u00e1vnou \u201ekli\u010dku\u201c, d\u00edky kter\u00e9 byste dos\u00e1hla k\u00fd\u017een\u00e9ho v\u00fdsledku mnohem d\u0159\u00edv\u011bji? Bezelstn\u00e1 k\u00e1mo\u0161ka by to neud\u011blala, nez\u00e1le\u017e\u00ed j\u00ed na jej\u00edm osobn\u00edm \u00fasp\u011bchu, ale m\u00e1 radost z toho, \u017ee i v\u00e1m se da\u0159\u00ed. A proto v\u00e1m porad\u00ed a pom\u016f\u017ee bez ohledu na to, zda j\u00ed to p\u0159inese zisk. J\u00ed jde jen o v\u00e1s a o va\u0161i radost. Nep\u0159em\u00fd\u0161l\u00ed, jak v\u00e1s pon\u00ed\u017eit a dostat na kolena. Naopak. Pokud vy m\u00e1te radost, m\u00e1 radost i ona. Stejn\u011b tak, pokud m\u00e1te bolest, neute\u010de p\u0159ed v\u00e1mi, ale je s v\u00e1mi a sd\u00edl\u00ed i ho\u0159e a bolest. A to pr\u00e1v\u011b proto, \u017ee sd\u00edlen\u00edm v\u00e1m ve va\u0161em ne\u0161t\u011bst\u00ed ulev\u00ed. Jste na to toti\u017e dv\u011b. M\u016f\u017eete se j\u00ed vyplakat na rameni, ut\u0159e v\u00e1m slzy a dod\u00e1 odvahy. Nikdy v\u00e1s neopust\u00ed a vy v\u00edte, \u017ee se na ni m\u016f\u017eete za ka\u017ed\u00fdch okolnost\u00ed spolehnout a\u0165 je ve vedlej\u0161\u00edm m\u011bst\u011b nebo na druh\u00e9m konci republiky. Takov\u00fdch lid\u00ed je t\u0159eba si cenit. Nenaleznete je na ka\u017ed\u00e9m kroku, a proto j\u00ed vyj\u00e1d\u0159ete sv\u016fj obdiv a nezapome\u0148te pod\u011bkovat za to, \u017ee v\u00e1m poskytuje \u0161anci kdykoliv j\u00ed zavolat a b\u00fdt v\u00e1m n\u00e1pomocna.                                                                                                                                                                                                                                                                                                                                                                                          4.1\/5 - (7 votes)        "},{"@context":"https:\/\/schema.org\/","@type":"BreadcrumbList","itemListElement":[{"@type":"ListItem","position":1,"name":"Se skv\u011blou kamar\u00e1dkou a\u017e \u201ena kraj sv\u011bta\u201c \u2026","item":"https:\/\/www.alstako.cz\/se-skvelou-kamaradkou-az-na-kraj-sveta\/#breadcrumbitem"}]}]