[{"@context":"https:\/\/schema.org\/","@type":"Article","@id":"https:\/\/www.alstako.cz\/proc-zrovna-vy\/#Article","mainEntityOfPage":"https:\/\/www.alstako.cz\/proc-zrovna-vy\/","headline":"Pro\u010d zrovna vy","name":"Pro\u010d zrovna vy","description":"Tak n\u011bco takov\u00e9ho se m\u016f\u017ee st\u00e1t jen v\u00e1m. N\u011bkdy m\u00e1te pocit, \u017ee v\u00e1\u0161 \u017eivot je slo\u017een\u00fd pouze ze sam\u00fdch katastrof a jedno ne\u0161t\u011bst\u00ed st\u0159\u00edd\u00e1 druh\u00e9. Jinak si zkr\u00e1tka nedovedete vysv\u011btlit, pro\u010d zrovna pot\u00e9, co v\u00e1m vich\u0159ice po\u0161kodila st\u0159echu se venku ne\u010dekan\u011b prudce [&hellip;]","datePublished":"2025-04-25","dateModified":"2025-04-25","author":{"@type":"Person","@id":"https:\/\/www.alstako.cz\/author\/#Person","name":"","url":"https:\/\/www.alstako.cz\/author\/","identifier":1,"image":{"@type":"ImageObject","@id":"https:\/\/secure.gravatar.com\/avatar\/4c8347e48acde4b8838164e4b1c9b1c2409c44aff1922a8b9d7dd631b9ae52bb?s=96&d=mm&r=g","url":"https:\/\/secure.gravatar.com\/avatar\/4c8347e48acde4b8838164e4b1c9b1c2409c44aff1922a8b9d7dd631b9ae52bb?s=96&d=mm&r=g","height":96,"width":96}},"publisher":{"@type":"Organization","name":"alstako.cz","logo":{"@type":"ImageObject","@id":"\/logo.png","url":"\/logo.png","width":600,"height":60}},"url":"https:\/\/www.alstako.cz\/proc-zrovna-vy\/","wordCount":263,"articleBody":" Tak n\u011bco takov\u00e9ho se m\u016f\u017ee st\u00e1t jen v\u00e1m. N\u011bkdy m\u00e1te pocit, \u017ee v\u00e1\u0161 \u017eivot je slo\u017een\u00fd pouze ze sam\u00fdch katastrof a jedno ne\u0161t\u011bst\u00ed st\u0159\u00edd\u00e1 druh\u00e9. Jinak si zkr\u00e1tka nedovedete vysv\u011btlit, pro\u010d zrovna pot\u00e9, co v\u00e1m vich\u0159ice po\u0161kodila st\u0159echu se venku ne\u010dekan\u011b prudce ochladilo a pro\u010d se v\u00e1m zrovna v t\u00e9to nemil\u00e9 dob\u011b je\u0161t\u011b nav\u00edc pokazilo vyt\u00e1p\u011bn\u00ed. Jen jedin\u00e9, co zat\u00edm nech\u00e1pete je to, pro\u010d se takov\u00e9 v\u011bci st\u00e1vaj\u00ed zrovna v\u00e1m s man\u017eelem, kdy\u017e jste za cel\u00fd sv\u016fj \u017eivot nikomu neubl\u00ed\u017eili ani ne\u0161\u00ed\u0159ili \u017e\u00e1dn\u00e9 \u0161patn\u00e9 my\u0161lenky. Pomoc v t\u011b\u017ek\u00e9 chv\u00edli Nicm\u00e9n\u011b jedin\u00e9, co v\u00e1m jako v\u017edy zb\u00fdv\u00e1, je se s tou nep\u0159\u00edjemnou situac\u00ed vyrovnat, a\u0165 u\u017e to ud\u011bl\u00e1te jakkoli. A proto\u017ee v\u00e1\u0161 rodinn\u00fd d\u016fm opanovala neskute\u010dn\u00e1 zima, kter\u00e1 hrozila z\u00e1palem plic, tak v\u00e1m nezbylo nic jin\u00e9ho, ne\u017e va\u0161e d\u011bti na \u010das p\u0159est\u011bhovat k babi\u010dce a sna\u017eit se celou v\u011bc co nejrychleji vy\u0159e\u0161it. Jen\u017ee k rychl\u00e9mu \u0159e\u0161en\u00ed by \u010dlov\u011bk p\u0159edev\u0161\u00edm pot\u0159eboval m\u00edt k ruce \u0161ikovn\u00e9 \u0159emesln\u00edky a v\u0161ichni v\u00edme, jak to s nimi dnes chod\u00ed a jak\u00e9 maj\u00ed \u010dekac\u00ed lh\u016fty. Tak\u017ee proto, abyste n\u00e1hodou nezmrzli do doby, ne\u017e p\u0159ijdete na \u0159adu, jste si dom\u016f alespo\u0148 po\u0159\u00eddili v\u00fdkonn\u00e9 p\u0159\u00edmotopy.                                                                                                                                                                                                                                                                                                                                                                                                 "},{"@context":"https:\/\/schema.org\/","@type":"BreadcrumbList","itemListElement":[{"@type":"ListItem","position":1,"name":"Pro\u010d zrovna vy","item":"https:\/\/www.alstako.cz\/proc-zrovna-vy\/#breadcrumbitem"}]}]