[{"@context":"https:\/\/schema.org\/","@type":"Article","@id":"https:\/\/www.alstako.cz\/kdyz-dite-nastoupi-do-skolky\/#Article","mainEntityOfPage":"https:\/\/www.alstako.cz\/kdyz-dite-nastoupi-do-skolky\/","headline":"Kdy\u017e d\u00edt\u011b nastoup\u00ed do \u0161kolky","name":"Kdy\u017e d\u00edt\u011b nastoup\u00ed do \u0161kolky","description":"N\u00e1stup do \u0161kolkyje v\u00fdznamnou ud\u00e1lost\u00ed v \u017eivot\u011b d\u00edt\u011bte i rodiny. Je to v\u00fdznamn\u00fd v\u00fdvojov\u00fd mezn\u00edk. D\u00edt\u011b p\u0159est\u00e1v\u00e1 b\u00fdt batoletem, ale st\u00e1v\u00e1 se p\u0159ed\u0161kol\u00e1kem. N\u011bkte\u0159\u00ed rodi\u010de si mysl\u00ed, \u017ee \u0161kolka je p\u0159edev\u0161\u00edm proto, aby se mohla zapojit do pracovn\u00edho procesu tak\u00e9 matka, ale [&hellip;]","datePublished":"2020-09-03","dateModified":"2023-05-02","author":{"@type":"Person","@id":"https:\/\/www.alstako.cz\/author\/#Person","name":"","url":"https:\/\/www.alstako.cz\/author\/","identifier":1,"image":{"@type":"ImageObject","@id":"https:\/\/secure.gravatar.com\/avatar\/4c8347e48acde4b8838164e4b1c9b1c2409c44aff1922a8b9d7dd631b9ae52bb?s=96&d=mm&r=g","url":"https:\/\/secure.gravatar.com\/avatar\/4c8347e48acde4b8838164e4b1c9b1c2409c44aff1922a8b9d7dd631b9ae52bb?s=96&d=mm&r=g","height":96,"width":96}},"publisher":{"@type":"Organization","name":"alstako.cz","logo":{"@type":"ImageObject","@id":"\/logo.png","url":"\/logo.png","width":600,"height":60}},"image":{"@type":"ImageObject","@id":"https:\/\/www.alstako.cz\/wp-content\/uploads\/img_a294547_w2113_t1506441340.jpg","url":"https:\/\/www.alstako.cz\/wp-content\/uploads\/img_a294547_w2113_t1506441340.jpg","height":0,"width":0},"url":"https:\/\/www.alstako.cz\/kdyz-dite-nastoupi-do-skolky\/","about":["Slu\u017eby"],"wordCount":496,"articleBody":"N\u00e1stup do \u0161kolkyje v\u00fdznamnou ud\u00e1lost\u00ed v \u017eivot\u011b d\u00edt\u011bte i rodiny. Je to v\u00fdznamn\u00fd v\u00fdvojov\u00fd mezn\u00edk. D\u00edt\u011b p\u0159est\u00e1v\u00e1 b\u00fdt batoletem, ale st\u00e1v\u00e1 se p\u0159ed\u0161kol\u00e1kem. N\u011bkte\u0159\u00ed rodi\u010de si mysl\u00ed, \u017ee \u0161kolka je p\u0159edev\u0161\u00edm proto, aby se mohla zapojit do pracovn\u00edho procesu tak\u00e9 matka, ale ve skute\u010dnosti p\u0159ed\u0161koln\u00ed vzd\u011bl\u00e1v\u00e1n\u00ed je pro celkovou edukaci d\u00edt\u011bte velmi d\u016fle\u017eit\u00e9.Doned\u00e1vna platilo, \u017ee d\u00edt\u011b nastupuje do \u0161kolky ve t\u0159ech letech v\u011bku. Pokud se d\u00edt\u011b narodilo nap\u0159\u00edklad v prosinci a v z\u00e1\u0159\u00ed m\u011blo teprve 2,75 roku, mohlo nastupovat na dopoledne. Dnes ov\u0161em je trend, \u017ee do \u0161kolek b\u011b\u017en\u011b nastupuj\u00ed d\u011bti, kter\u00e9 maj\u00ed dva roky. Doned\u00e1vna tak\u00e9 platilo, \u017ee d\u00edt\u011b ve \u0161kolce nesm\u00ed m\u00edt pleny a m\u011blo by se um\u011bt samostatn\u011b naj\u00edst a alespo\u0148 \u010d\u00e1ste\u010dn\u011b obl\u00e9ci. I to tak \u00fapln\u011b neplat\u00ed, z\u00e1le\u017e\u00ed na ka\u017ed\u00e9 \u0159editelce, ale nen\u00ed v\u00fdjimkou, \u017ee pan\u00ed u\u010ditelky mus\u00ed ve \u0161kolce d\u011bti p\u0159ebalovat, co\u017e d\u0159\u00edve bylo zcela nemysliteln\u00e9.Zda dvoulet\u00e9 d\u011bti do \u0161kolky ano \u010di ne je jist\u011b t\u00e9ma k velmi podn\u011btn\u00e9 diskuzi, kter\u00e1 ov\u0161em nen\u00ed p\u0159edm\u011btem na\u0161eho z\u00e1jmu. T\u00edm je n\u00e1stup do \u0161kolky.\u00a0\tNen\u00ed to snadn\u00e9 ani pro d\u011bti ani pro rodi\u010dePro mnoho d\u011bt\u00ed je to velmi n\u00e1ro\u010dn\u00e9 a \u010dasto se dom\u00e1haj\u00ed maminky, sotva se za rodi\u010dem zav\u0159ou dve\u0159e.N\u011bkter\u00e9 d\u011bti se uklidn\u00ed po p\u00e1r dnech, n\u011bkter\u00e9 d\u011bti pot\u0159ebuj\u00ed na adaptaci del\u0161\u00ed dobu. Jsou i takov\u00e9, kter\u00e9 se do \u0161kolky t\u011b\u0161\u00ed, prvn\u00edch p\u00e1r dn\u00ed \u010di dokonce t\u00fddn\u016f se jim ve \u0161kolce l\u00edb\u00ed, ale pak najednou za\u010dnou tesknit po mamince. To v\u0161e je velmi bolestn\u00e9 pro d\u011bti i rodi\u010de, kte\u0159\u00ed trp\u00ed v\u00fd\u010ditkami, ale je dobr\u00e9 to p\u0159\u00edli\u0161 nedramatizovat. U\u010ditelky jsou \u017eeny dostate\u010dn\u011b zku\u0161en\u00e9. Ur\u010dit\u011b nen\u00ed od v\u011bci d\u00edt\u011b na \u0161kolku pomalu p\u0159ipravovat, aby nebylo zasko\u010den\u00e9. Vypr\u00e1v\u011bt mu o n\u00ed, nebo ho ob\u010das nechat v n\u011bjak\u00e9m d\u011btsk\u00e9m koutku, aby si pomalu ale jist\u011b zvykal na d\u011btsk\u00fd kolektiv.M\u016f\u017ee se st\u00e1t, \u017ee n\u011bkter\u00e9 d\u011bti budou po\u0159\u00e1d plakat a i po n\u011bkolika t\u00fddnech budou tak\u0159ka k neuti\u0161en\u00ed. T\u011bchto d\u011bt\u00ed je velmi m\u00e1lo, ale mohou se vyskytovat. Mohou to b\u00fdt d\u011bti, kter\u00e9 jsou na za\u0159azen\u00ed do kolektivu je\u0161t\u011b nezral\u00e9 a rodi\u010de by m\u011bli zv\u00e1\u017eit, zda ho je\u0161t\u011b nenechat rok nebo alespo\u0148 p\u00e1r m\u011bs\u00edc\u016f doma s maminkou. Je velmi pravd\u011bpodobn\u00e9, \u017ee dal\u0161\u00ed rok d\u00edt\u011b bude vstup do \u0161kolky p\u0159ij\u00edmat docela jinak.\u00a0                                                                                                                                                                                                                                                                                                                                                                                        4\/5 - (9 votes)        "},{"@context":"https:\/\/schema.org\/","@type":"BreadcrumbList","itemListElement":[{"@type":"ListItem","position":1,"name":"Kdy\u017e d\u00edt\u011b nastoup\u00ed do \u0161kolky","item":"https:\/\/www.alstako.cz\/kdyz-dite-nastoupi-do-skolky\/#breadcrumbitem"}]}]