[{"@context":"https:\/\/schema.org\/","@type":"Article","@id":"https:\/\/www.alstako.cz\/kam-s-vecmi-v-prubehu-rekonstrukce-domu\/#Article","mainEntityOfPage":"https:\/\/www.alstako.cz\/kam-s-vecmi-v-prubehu-rekonstrukce-domu\/","headline":"Kam s v\u011bcmi v pr\u016fb\u011bhu rekonstrukce domu","name":"Kam s v\u011bcmi v pr\u016fb\u011bhu rekonstrukce domu","description":"Stavebn\u00ed rekonstrukce nemovitost\u00ed obn\u00e1\u0161\u00ed celou \u0159adu operac\u00ed, kter\u00e9 mus\u00edte nejen zvl\u00e1dnout, ale tak\u00e9 pe\u010dliv\u011b napl\u00e1novat. Vzpome\u0148te https:\/\/fotbal.idnes.cz\/diskuse.aspx%3Fiddiskuse%3DA170907_122333_fot_reprez_vp2 si na slavn\u00e9ho vojev\u016fdce Jana \u017di\u017eku z Trocnova, mnoho zahrani\u010dn\u00edch mocnost\u00ed by nejrad\u011bji o tomto slavn\u00e9m obdob\u00ed historie \u010desk\u00fdch d\u011bjin poml\u010delo, proto\u017ee jsou si dob\u0159e [&hellip;]","datePublished":"2023-02-15","dateModified":"2023-05-02","author":{"@type":"Person","@id":"https:\/\/www.alstako.cz\/author\/#Person","name":"","url":"https:\/\/www.alstako.cz\/author\/","identifier":1,"image":{"@type":"ImageObject","@id":"https:\/\/secure.gravatar.com\/avatar\/4c8347e48acde4b8838164e4b1c9b1c2409c44aff1922a8b9d7dd631b9ae52bb?s=96&d=mm&r=g","url":"https:\/\/secure.gravatar.com\/avatar\/4c8347e48acde4b8838164e4b1c9b1c2409c44aff1922a8b9d7dd631b9ae52bb?s=96&d=mm&r=g","height":96,"width":96}},"publisher":{"@type":"Organization","name":"alstako.cz","logo":{"@type":"ImageObject","@id":"\/logo.png","url":"\/logo.png","width":600,"height":60}},"image":{"@type":"ImageObject","@id":"https:\/\/www.alstako.cz\/wp-content\/uploads\/container-g81a24eee9_640.jpg","url":"https:\/\/www.alstako.cz\/wp-content\/uploads\/container-g81a24eee9_640.jpg","height":0,"width":0},"url":"https:\/\/www.alstako.cz\/kam-s-vecmi-v-prubehu-rekonstrukce-domu\/","about":["Slu\u017eby"],"wordCount":405,"articleBody":"         Stavebn\u00ed rekonstrukce nemovitost\u00ed obn\u00e1\u0161\u00ed celou \u0159adu operac\u00ed, kter\u00e9 mus\u00edte nejen zvl\u00e1dnout, ale tak\u00e9 pe\u010dliv\u011b napl\u00e1novat. Vzpome\u0148te  https:\/\/fotbal.idnes.cz\/diskuse.aspx%3Fiddiskuse%3DA170907_122333_fot_reprez_vp2 si na slavn\u00e9ho vojev\u016fdce Jana \u017di\u017eku z Trocnova, mnoho zahrani\u010dn\u00edch mocnost\u00ed by nejrad\u011bji o tomto slavn\u00e9m obdob\u00ed historie \u010desk\u00fdch d\u011bjin poml\u010delo, proto\u017ee jsou si dob\u0159e v\u011bdomy, \u017ee Jana \u017di\u017eku nikdy nikdo neporazil, a to ani tehdy, kdy byl ji\u017e slep\u00fd. Jan \u017di\u017eka byl mistrovsk\u00fd strat\u00e9g, dok\u00e1zal perfektn\u011b vyu\u017e\u00edt tamn\u00edch mo\u017enost\u00ed a p\u0159edev\u0161\u00edm dokonale pl\u00e1noval bitevn\u00ed tahy, podobn\u011b, jak to d\u011blaj\u00ed zku\u0161en\u00ed \u0161achov\u00ed velmist\u0159i, kte\u0159\u00ed propo\u010d\u00edt\u00e1vaj\u00ed na \u0161achovnici mnoho tah\u016f dop\u0159edu.Abyste byli ve sv\u00e9m po\u010d\u00edn\u00e1n\u00ed \u00fasp\u011b\u0161n\u00ed, mus\u00edte tak\u00e9 propo\u010d\u00edtat n\u011bkolik \u201e\u0161achov\u00fdch tah\u016f\u201c. Jedn\u00edm z nich je i ulo\u017een\u00ed p\u0159edm\u011bt\u016f z obytn\u00e9ho prostoru. Teoreticky je m\u016f\u017eete v\u0161echny jednodu\u0161e nechat odv\u00e9zt st\u011bhovac\u00ed firmou a ulo\u017eit je u st\u011bhov\u00e1k\u016f ve skladov\u00fdch prostor\u00e1ch, jen\u017ee budou od v\u00e1s daleko, a budete-li n\u011bjakou v\u011bc pot\u0159ebovat, budete k n\u00ed zbyte\u010dn\u011b v\u00e1\u017eit dlouhou cestu.M\u00e1me pro v\u00e1s lep\u0161\u00ed tip &#8211; nechte si p\u0159istavit na v\u00e1\u0161 pozemek skladov\u00fd kontejner. Skladov\u00fd kontejner pron\u00e1jem je slu\u017eba, kter\u00e1 v\u00e1m jej umo\u017en\u00ed ponechat na pozemku libovoln\u011b dlouhou dobu, a do \u00fatrob plechov\u00e9 \u201ekrabice\u201c ulo\u017e\u00edte ve\u0161ker\u00e9 vnit\u0159n\u00ed vybaven\u00ed po\u010d\u00ednaje \u017ealuziemi a sv\u00edtidly a kon\u010de koberci a n\u00e1bytkem.Kontejnery jsou p\u0159izp\u016fsobeny t\u011bmto \u00fa\u010del\u016fm tak, \u017ee bezpe\u010dn\u011b chr\u00e1n\u00ed jak\u00e9koli p\u0159edm\u011bty p\u0159ed p\u016fsoben\u00edm pov\u011btrnostn\u00edch vliv\u016f \u2013 p\u0159ed v\u011btrem a prachem, slune\u010dn\u00edm UV z\u00e1\u0159en\u00edm, de\u0161t\u011bm, sn\u011bhem a n\u00e1mrazou. Disponuj\u00ed uzamykateln\u00fdmi vraty, kter\u00e9 zabezpe\u010d\u00ed p\u0159edm\u011bty uvnit\u0159 p\u0159ed n\u00e1hodn\u00fdmi kr\u00e1de\u017eemi, a kdyby se p\u0159ece jen cht\u011bl n\u011bkdo dovnit\u0159 vloupat, plechov\u00e1 vrata svou hlu\u010dnost\u00ed vzbud\u00ed nejen v\u00e1s, ale nepochybn\u011b i va\u0161e sousedy. Nezapome\u0148te ov\u0161em na voln\u00fd prostor, abyste m\u011bli kontejner kam ulo\u017eit a tak\u00e9 abyste k n\u011bmu m\u011bli pohodln\u00fd p\u0159\u00edstup i s otev\u0159en\u00fdmi vraty.                                                                                                                                                                                                                                                                                                                                                                                          4.5\/5 - (4 votes)        "},{"@context":"https:\/\/schema.org\/","@type":"BreadcrumbList","itemListElement":[{"@type":"ListItem","position":1,"name":"Kam s v\u011bcmi v pr\u016fb\u011bhu rekonstrukce domu","item":"https:\/\/www.alstako.cz\/kam-s-vecmi-v-prubehu-rekonstrukce-domu\/#breadcrumbitem"}]}]