[{"@context":"https:\/\/schema.org\/","@type":"Article","@id":"https:\/\/www.alstako.cz\/je-mozne-pouzit-zcela-prirodni-kamen-na-terasu\/#Article","mainEntityOfPage":"https:\/\/www.alstako.cz\/je-mozne-pouzit-zcela-prirodni-kamen-na-terasu\/","headline":"Je mo\u017en\u00e9 pou\u017e\u00edt zcela p\u0159\u00edrodn\u00ed k\u00e1men na terasu?","name":"Je mo\u017en\u00e9 pou\u017e\u00edt zcela p\u0159\u00edrodn\u00ed k\u00e1men na terasu?","description":"Vzhled na\u0161eho domova je d\u016fle\u017eit\u00fd k tomu, abychom se tam c\u00edtili co nejl\u00e9pe. Ov\u0161em nejde jen o ten vnit\u0159n\u00ed, tedy o jeho celkov\u00e9 uspo\u0159\u00e1d\u00e1n\u00ed a vybaven\u00ed, ale i o ten vn\u011bj\u0161\u00ed. Pokud toti\u017e p\u016fjde o zven\u010d\u00ed opr\u00fdskanou stavbu, pak n\u00e1m zde p\u0159\u00edli\u0161 [&hellip;]","datePublished":"2021-08-07","dateModified":"2023-09-19","author":{"@type":"Person","@id":"https:\/\/www.alstako.cz\/author\/#Person","name":"","url":"https:\/\/www.alstako.cz\/author\/","identifier":1,"image":{"@type":"ImageObject","@id":"https:\/\/secure.gravatar.com\/avatar\/4c8347e48acde4b8838164e4b1c9b1c2409c44aff1922a8b9d7dd631b9ae52bb?s=96&d=mm&r=g","url":"https:\/\/secure.gravatar.com\/avatar\/4c8347e48acde4b8838164e4b1c9b1c2409c44aff1922a8b9d7dd631b9ae52bb?s=96&d=mm&r=g","height":96,"width":96}},"publisher":{"@type":"Organization","name":"alstako.cz","logo":{"@type":"ImageObject","@id":"\/logo.png","url":"\/logo.png","width":600,"height":60}},"image":{"@type":"ImageObject","@id":"https:\/\/www.alstako.cz\/wp-content\/uploads\/terasa1.jpg","url":"https:\/\/www.alstako.cz\/wp-content\/uploads\/terasa1.jpg","height":0,"width":0},"url":"https:\/\/www.alstako.cz\/je-mozne-pouzit-zcela-prirodni-kamen-na-terasu\/","about":["Zbo\u017e\u00ed"],"wordCount":427,"articleBody":"Vzhled na\u0161eho domova je d\u016fle\u017eit\u00fd k tomu, abychom se tam c\u00edtili co nejl\u00e9pe. Ov\u0161em nejde jen o ten vnit\u0159n\u00ed, tedy o jeho celkov\u00e9 uspo\u0159\u00e1d\u00e1n\u00ed a vybaven\u00ed, ale i o ten vn\u011bj\u0161\u00ed. Pokud toti\u017e p\u016fjde o zven\u010d\u00ed opr\u00fdskanou stavbu, pak n\u00e1m zde p\u0159\u00edli\u0161 dob\u0159e nejsp\u00ed\u0161 nebude.Je v\u0161ak jasn\u00e9, \u017ee i de najdeme ur\u010dit\u00e9 v\u011bci, kter\u00e9 n\u00e1m \u017eivot v onom dom\u011b zp\u0159\u00edjem\u0148uj\u00ed. Jsou to nap\u0159\u00edklad okna a jejich rozm\u00edst\u011bn\u00ed, ale tak\u00e9 nejr\u016fzn\u011bj\u0161\u00ed balk\u00f3ny a terasy. Ty n\u00e1m umo\u017e\u0148uj\u00ed nejen velmi dobr\u00e9 v\u011btr\u00e1n\u00ed, co\u017e ocen\u00edme zejm\u00e9na v hork\u00fdch letn\u00edch dnech, ale tak\u00e9 mo\u017enost b\u00fdt alespo\u0148 trochu na \u010derstv\u00e9m vzduchu, ani\u017e bychom museli sv\u016fj domov opustit.Zde ale z\u00e1le\u017e\u00ed tak\u00e9 na tom, jak ona terasa vypad\u00e1. A velmi d\u016fle\u017eitou sou\u010d\u00e1st\u00ed je i dl\u00e1\u017ed\u011bn\u00ed. A\u010dkoliv obvykle nen\u00ed centrem pozornosti a v\u011bt\u0161inou jej prakticky nevn\u00edm\u00e1me, pod\u00edl\u00ed se zna\u010dnou m\u011brou na celkov\u00e9m vzhledu. Proto rozhodn\u011b nen\u00ed na \u0161kodu vybrat to nejlep\u0161\u00ed.V sou\u010dasn\u00e9 dob\u011b jsou velmi obl\u00edben\u00e9 kamenn\u00e9 dla\u017edice, a z dobr\u00e9ho d\u016fvodu. Jsou odoln\u00e9 v\u016f\u010di vn\u011bj\u0161\u00edm podm\u00ednk\u00e1m, kter\u00fdm budou vystaveny, jako je d\u00e9\u0161\u0165, sn\u00edh \u010di m\u011bn\u00edc\u00ed se teploty, ale tak\u00e9 jejich vzhled nemus\u00ed b\u00fdt v\u016fbec \u0161patn\u00fd.To v\u0161e je samoz\u0159ejm\u011b p\u011bkn\u00e9, ov\u0161em mnoho lid\u00ed se pt\u00e1, zda je mo\u017en\u00e9 pou\u017e\u00edt p\u0159\u00edrodn\u00ed k\u00e1men na terasu, nebo zda je nutn\u00e9 volit um\u011bl\u00fd \u010di upraven\u00fd. Dobrou zpr\u00e1vou je, \u017ee to mo\u017en\u00e9 je, av\u0161ak je pochopiteln\u00e9, \u017ee oba zp\u016fsoby maj\u00ed sv\u00e9 v\u00fdhody a nev\u00fdhody.P\u0159edn\u011b je jasn\u00e9, \u017ee nem\u016f\u017eete vyrazit do p\u0159\u00edrody a naj\u00edt tam pot\u0159ebn\u00e9 kamen\u00ed. Je pot\u0159eba, aby bylo upraveno do pat\u0159i\u010dn\u00e9ho tvaru a spr\u00e1vn\u011b o\u0161et\u0159eno. Nav\u00edc mus\u00ed b\u00fdt i vhodn\u00e9ho druhu, nebo\u0165 zdaleka ne ka\u017ed\u00fd k\u00e1men je k tomuto \u00fa\u010delu vhodn\u00fd.Proto je nejlep\u0161\u00edm \u0159e\u0161en\u00edm jej koupit p\u0159\u00edmo p\u0159ipraven\u00fd. Probl\u00e9mem je, \u017ee to zdaleka nen\u00ed nejlevn\u011bj\u0161\u00ed z\u00e1le\u017eitost, a to vzhledem k ji\u017e zm\u00edn\u011bn\u00fdm probl\u00e9m\u016fm. P\u0159esto nen\u00ed pochyb o tom, \u017ee se jedn\u00e1 o velmi vhodn\u00fd materi\u00e1l, kter\u00fd se k tomuto \u00fa\u010delu opravdu hod\u00ed.                                                                                                                                                                                                                                                                                                                                                                                         4\/5 - (1 vote)        "},{"@context":"https:\/\/schema.org\/","@type":"BreadcrumbList","itemListElement":[{"@type":"ListItem","position":1,"name":"Je mo\u017en\u00e9 pou\u017e\u00edt zcela p\u0159\u00edrodn\u00ed k\u00e1men na terasu?","item":"https:\/\/www.alstako.cz\/je-mozne-pouzit-zcela-prirodni-kamen-na-terasu\/#breadcrumbitem"}]}]