[{"@context":"https:\/\/schema.org\/","@type":"Article","@id":"https:\/\/www.alstako.cz\/jaro-ve-skrini\/#Article","mainEntityOfPage":"https:\/\/www.alstako.cz\/jaro-ve-skrini\/","headline":"Jaro ve sk\u0159\u00edni","name":"Jaro ve sk\u0159\u00edni","description":"Nenajde se snad \u017eena, kter\u00e1 by nerada nakupovala. Potlouk\u00e1n\u00ed se po obchodech, hodiny str\u00e1ven\u00e9 ve zku\u0161ebn\u00edch kabink\u00e1ch, pov\u00edd\u00e1n\u00ed si s\u00a0kamar\u00e1dkami o tom, co nutn\u011b pot\u0159ebujete sehnat na sebe. St\u011b\u017eov\u00e1n\u00ed si, \u017ee v\u00e1m je oble\u010den\u00ed mal\u00e9 a nem\u00e1te si vz\u00edt co do pr\u00e1ce, [&hellip;]","datePublished":"2020-03-12","dateModified":"2023-05-02","author":{"@type":"Person","@id":"https:\/\/www.alstako.cz\/author\/#Person","name":"","url":"https:\/\/www.alstako.cz\/author\/","identifier":1,"image":{"@type":"ImageObject","@id":"https:\/\/secure.gravatar.com\/avatar\/4c8347e48acde4b8838164e4b1c9b1c2409c44aff1922a8b9d7dd631b9ae52bb?s=96&d=mm&r=g","url":"https:\/\/secure.gravatar.com\/avatar\/4c8347e48acde4b8838164e4b1c9b1c2409c44aff1922a8b9d7dd631b9ae52bb?s=96&d=mm&r=g","height":96,"width":96}},"publisher":{"@type":"Organization","name":"alstako.cz","logo":{"@type":"ImageObject","@id":"\/logo.png","url":"\/logo.png","width":600,"height":60}},"image":{"@type":"ImageObject","@id":"https:\/\/www.alstako.cz\/wp-content\/uploads\/img_a372445_w4274_t1583910870.jpg","url":"https:\/\/www.alstako.cz\/wp-content\/uploads\/img_a372445_w4274_t1583910870.jpg","height":0,"width":0},"url":"https:\/\/www.alstako.cz\/jaro-ve-skrini\/","about":["M\u00f3da"],"wordCount":483,"articleBody":"Nenajde se snad \u017eena, kter\u00e1 by nerada nakupovala. Potlouk\u00e1n\u00ed se po obchodech, hodiny str\u00e1ven\u00e9 ve zku\u0161ebn\u00edch kabink\u00e1ch, pov\u00edd\u00e1n\u00ed si s\u00a0kamar\u00e1dkami o tom, co nutn\u011b pot\u0159ebujete sehnat na sebe. St\u011b\u017eov\u00e1n\u00ed si, \u017ee v\u00e1m je oble\u010den\u00ed mal\u00e9 a nem\u00e1te si vz\u00edt co do pr\u00e1ce, jsou \u010dast\u00e9 rozhovory mezi v\u00e1mi. Proto se \u017eeny vyd\u00e1vaj\u00ed na n\u00e1kupn\u00ed tahy, kdy na za\u010d\u00e1tku ro\u010dn\u00edch obdob\u00ed nutn\u011b n\u011bco pot\u0159ebuj\u00ed nakoupit.\u00a0 Na co se zam\u011b\u0159it s\u00a0p\u0159ich\u00e1zej\u00edc\u00edm jarem?\t\tObjevte barvy. Jaro h\u00fd\u0159\u00ed barvami. Za\u017ee\u0148te nudu a po\u0159i\u010fte si pestr\u00fd kousek, kter\u00fd rozz\u00e1\u0159\u00ed v\u00e1\u0161 \u0161atn\u00edk. Pokud pot\u0159ebujete jarn\u00ed kab\u00e1tek, m\u00e1te vyhr\u00e1no. Sice to je trochu dra\u017e\u0161\u00ed kousek. Zam\u011b\u0159te se na kvalitu. Vyu\u017eijete ho po n\u011bkolik sez\u00f3n. Vyb\u00edrejte ale s\u00a0rozumem. Ide\u00e1ln\u00ed je barva, kter\u00e1 v\u00e1m slu\u0161\u00ed a bude se hodit ke zb\u00fdvaj\u00edc\u00edmu va\u0161emu \u0161atn\u00edku. Obm\u011b\u0148ovat ho m\u016f\u017eete i \u0161\u00e1tky, kdy budete poka\u017ed\u00e9 vypadat jinak. Je-li v\u00e1\u0161 rozpo\u010det ten\u010d\u00ed, po\u0159i\u010fte si barevn\u00e9 pun\u010doch\u00e1\u010de, kter\u00e9 v\u00e1\u0161 model takt\u00e9\u017e o\u017eiv\u00ed.\t\tJarn\u00ed pu\u010den\u00ed mus\u00ed b\u00fdt i ve va\u0161\u00ed sk\u0159\u00edni. Kv\u011bty jsou v\u0161ude, kam se pod\u00edv\u00e1te. Mo\u017en\u00e1 si \u0159\u00edk\u00e1te, \u017ee je to tuctov\u00e9, ale v\u00e1s to rozz\u00e1\u0159\u00ed. Po\u0159i\u010fte si kousek. Trik, mikin je na trhu spoustu druh\u016f. Ka\u017ed\u00fd si najde ten sv\u016fj. Pokud ale nejste p\u0159\u00edznivcem, zkuste kv\u011btovan\u00e9 pono\u017eky a krat\u0161\u00ed, ohrnut\u00e9 d\u017e\u00edny.\t\tZkracujte! Mu\u017ei se na jaro t\u011b\u0161\u00ed. Tak se uka\u017ete.Prvn\u00ed jarn\u00ed paprsky, teplo p\u0159\u00edmo vyb\u00edz\u00ed k\u00a0tomu, aby se sou\u010d\u00e1st\u00ed va\u0161eho \u0161atn\u00edku staly sukn\u011b a \u0161aty. Plat\u00ed stejn\u00e9 pravidlo, barvy, jarn\u00ed motivy. Zvolte i leh\u010d\u00ed materi\u00e1ly, kter\u00e9 jsou vzdu\u0161n\u00e9. Volte l\u00e1tky, kter\u00e9 jsou nema\u010dkav\u00e9.\t\tObuv mus\u00ed b\u00fdt trendy a podtrhovat v\u00e1\u0161 model. Je nanejv\u00fd\u0161 trapn\u00e9, kdy\u017e na ja\u0159e \u017eeny nos\u00ed je\u0161t\u011b vysok\u00e9 koza\u010dky. Na trhu je mnoho model\u016f, kter\u00e9 jsou vhodn\u011bj\u0161\u00ed a obuvnick\u00e9 firmy dnes vyr\u00e1b\u011bj\u00ed boty, kter\u00e9 jsou pohodln\u00e9, barevn\u011b souzn\u00edvaj\u00ed se sou\u010dasn\u00fdmi trendy. Obuv kupujte kvalitn\u00ed. Pe\u010dujte o ni. Vydr\u017e\u00ed v\u00e1m i n\u011bkolik let.\t\tVlasy mus\u00ed b\u00fdt upraven\u00e9. Zajd\u011bte si ke kade\u0159nici.I toto odv\u011btv\u00ed podl\u00e9h\u00e1 m\u00f3dn\u00edm trend\u016fm. Barva a sest\u0159ih dok\u00e1\u017eou s\u00a0v\u00e1mi ud\u011blat divy. Ne\u0161et\u0159ete a p\u0159esta\u0148te se barvit doma. Sv\u011b\u0159te se do rukou odborn\u00edk\u016f. Pokud si n\u011bkdo mysl\u00ed, \u017ee doma u\u0161et\u0159\u00ed je na omylu. Kade\u0159n\u00edci pou\u017e\u00edvaj\u00ed kvalitn\u011bj\u0161\u00ed produkty, kter\u00e9 vydr\u017e\u00ed d\u00e9le a jsou \u0161etrn\u011bj\u0161\u00ed k\u00a0va\u0161im vlas\u016fm.                                                                                                                                                                                                                                                                                                                                                                                        4.2\/5 - (11 votes)        "},{"@context":"https:\/\/schema.org\/","@type":"BreadcrumbList","itemListElement":[{"@type":"ListItem","position":1,"name":"Jaro ve sk\u0159\u00edni","item":"https:\/\/www.alstako.cz\/jaro-ve-skrini\/#breadcrumbitem"}]}]