[{"@context":"https:\/\/schema.org\/","@type":"Article","@id":"https:\/\/www.alstako.cz\/drahe-kabelky\/#Article","mainEntityOfPage":"https:\/\/www.alstako.cz\/drahe-kabelky\/","headline":"Drah\u00e9 kabelky","name":"Drah\u00e9 kabelky","description":"Kdy\u017e tam byla mal\u00e1, tak m\u011b velice bavilo obl\u00e9kat moje panenky. V\u011b\u0159te mi, \u017ee panenek jsem m\u011bla opravdu mnoho. Kolikr\u00e1t mi ani nesta\u010dilo oble\u010den\u00ed, kter\u00e9 mi koupila moje mamka a babi\u010dka, abych si obl\u00e9kala sv\u00e9 panenky anebo hra\u010dky. A taky se mi [&hellip;]","datePublished":"2022-10-09","dateModified":"2023-05-02","author":{"@type":"Person","@id":"https:\/\/www.alstako.cz\/author\/#Person","name":"","url":"https:\/\/www.alstako.cz\/author\/","identifier":1,"image":{"@type":"ImageObject","@id":"https:\/\/secure.gravatar.com\/avatar\/4c8347e48acde4b8838164e4b1c9b1c2409c44aff1922a8b9d7dd631b9ae52bb?s=96&d=mm&r=g","url":"https:\/\/secure.gravatar.com\/avatar\/4c8347e48acde4b8838164e4b1c9b1c2409c44aff1922a8b9d7dd631b9ae52bb?s=96&d=mm&r=g","height":96,"width":96}},"publisher":{"@type":"Organization","name":"alstako.cz","logo":{"@type":"ImageObject","@id":"\/logo.png","url":"\/logo.png","width":600,"height":60}},"image":{"@type":"ImageObject","@id":"https:\/\/www.alstako.cz\/wp-content\/uploads\/handbag-1478814_960_720_2.jpg","url":"https:\/\/www.alstako.cz\/wp-content\/uploads\/handbag-1478814_960_720_2.jpg","height":0,"width":0},"url":"https:\/\/www.alstako.cz\/drahe-kabelky\/","about":["M\u00f3da"],"wordCount":428,"articleBody":"Kdy\u017e tam byla mal\u00e1, tak m\u011b velice bavilo obl\u00e9kat moje panenky. V\u011b\u0159te mi, \u017ee panenek jsem m\u011bla opravdu mnoho. Kolikr\u00e1t mi ani nesta\u010dilo oble\u010den\u00ed, kter\u00e9 mi koupila moje mamka a babi\u010dka, abych si obl\u00e9kala sv\u00e9 panenky anebo hra\u010dky. A taky se mi l\u00edb\u00ed, kdy\u017e m\u00e1m opravdu hodn\u011b na v\u00fdb\u011br. Tak\u017ee jsem si usmyslela, \u017ee si taky budu n\u011bkdy vyr\u00e1b\u011bt opravdu v\u011bci sama. L\u00edbilo se mi, kdy\u017e jsem t\u0159eba \u0161la s maminkou do hra\u010dk\u00e1rny, kde byly opravdu p\u011bkn\u00e9 panenky a taky oble\u010den\u00ed. Tady u\u017e asi \u0161lo poznat, \u017ee m\u011b bude zaj\u00edmat m\u00f3da. A v\u017edycky jsem cht\u011bla b\u00fdt m\u00f3dn\u00ed n\u00e1vrh\u00e1\u0159ka. Tohle jsem si jinak usmyslela, kdy\u017e mi bylo asi dvan\u00e1ct anebo t\u0159in\u00e1ct let. Jenom\u017ee jak v\u0161ichni v\u00edme, ne ka\u017ed\u00e9mu se sny spln\u00ed. A bohu\u017eel ani m\u011b se nesplnily. I kdy\u017e jsem byla na um\u011bleck\u00e9 \u0161kole, tak jsem tam vydr\u017eela pouze jenom t\u0159i roky, proto\u017ee d\u00e9le u\u017e to ne\u0161lo vydr\u017eet. N\u011bjak jsem to nezvl\u00e1dala. Tak\u017ee jsem musela je\u0161t\u011b chodit do pr\u00e1ce a na brig\u00e1du, abych v\u0161echno stihla zaplatit. Platila jsem jak \u0161kolu, tak taky n\u00e1jem a je\u0161t\u011b auto. J\u00e1 ch\u00e1pu, \u017ee jsem se toho na sebe vzala moc, ale m\u00f3da je prost\u011b m\u00f3da je prost\u011b m\u00f3da. Ale mus\u00edm samoz\u0159ejm\u011b \u0161et\u0159it. Cht\u011bla jsem ale taky m\u00edt v\u017edycky modern\u00ed v\u011bci, abych se v\u0161em l\u00edbila, ale hlavn\u011b abych se l\u00edbila sama sob\u011b.Jsem r\u00e1da, kdy\u017e jsem spokojen\u00e1 sama se sebou a kdy\u017e mohu taky m\u00edt m\u00f3dn\u00ed oble\u010den\u00ed, p\u0159esn\u011b takov\u00e9, kter\u00e9 se mi l\u00edb\u00ed. A v\u011b\u0159te mi, \u017ee modern\u00ed oble\u010den\u00ed je v\u011bt\u0161inou taky moc drah\u00e9. Vzpom\u00edn\u00e1m\u00a0si, jak\u00a0jsem\u00a0byla jednou v ulici Pa\u0159\u00ed\u017esk\u00e1 v Praze.\u00a0Jsou\u00a0tam opravdu\u00a0luxusn\u00ed\u00a0butiky, o kter\u00fdch se\u00a0mi\u00a0asi m\u011bs\u00edc zd\u00e1lo a cht\u011bla bych taky vlastnit n\u011bjakou luxusn\u00ed kabelku. Jenom\u017ee ty ceny m\u011b v\u017edycky dostanou zp\u011bt na zem.\u00a0Opravdu\u00a0si je bohu\u017eel nemohu dovolit,\u00a0tak\u017ee\u00a0se\u00a0mus\u00edm\u00a0spokojit\u00a0s\u00a0ni\u017e\u0161\u00edm\u00a0pr\u016fm\u011brem. Ale kdy\u017e to tak vezmu, tak je to vlastn\u011b\u00a0dob\u0159e. Jsou i d\u016fle\u017eit\u011bj\u0161\u00ed v\u011bci. T\u0159eba nov\u00e9 boty, kter\u00e9 zbo\u017e\u0148uji!                                                                                                                                                                                                                                                                                                                                                                                        4.1\/5 - (8 votes)        "},{"@context":"https:\/\/schema.org\/","@type":"BreadcrumbList","itemListElement":[{"@type":"ListItem","position":1,"name":"Drah\u00e9 kabelky","item":"https:\/\/www.alstako.cz\/drahe-kabelky\/#breadcrumbitem"}]}]